{"id":2080,"date":"2022-12-06T15:42:10","date_gmt":"2022-12-06T14:42:10","guid":{"rendered":"https:\/\/www.base4work.com\/?p=2080"},"modified":"2023-01-19T10:04:20","modified_gmt":"2023-01-19T09:04:20","slug":"dvojica-architektov-ktora-sa-zalubila-do-priestorov-base","status":"publish","type":"post","link":"https:\/\/www.base4work.com\/sk\/dvojica-architektov-ktora-sa-zalubila-do-priestorov-base\/","title":{"rendered":"Dvojica architektov, ktor\u00e1 sa za\u013e\u00fabila do priestorov \ud835\ude3d\ud835\ude3c\ud835\ude4e\ud835\ude40"},"content":{"rendered":"\n<p><strong>Architektonick\u00fd ateli\u00e9r ZUHU tvor\u00ed dvojica mlad\u00fdch architektov \u2013 Zuzka a\u202fJakub, a patr\u00ed medzi prv\u00fdch n\u00e1jomcov fix-deskov v BASE. Vo svojej pr\u00e1ci sa venuj\u00fa najm\u00e4 interi\u00e9rov\u00e9mu dizajnu bytov, kancel\u00e1rskych priestorov, ale aj gastro prev\u00e1dzok. Na ka\u017edom projekte pracuj\u00fa spolo\u010dne, pri\u010dom dalo by sa poveda\u0165, \u017ee Zuzka v\u202fich dvojici predstavuje kreat\u00edvnu zlo\u017eku a\u202fJakub t\u00fa technick\u00fa.&nbsp;&nbsp;<\/strong><\/p>\n\n\n\n<figure class=\"wp-block-image size-large\"><img srcset='https:\/\/d3i9l7sj72swdx.cloudfront.net\/pentabase\/2022\/12\/dsc-5530-300x200.jpg 300w, https:\/\/d3i9l7sj72swdx.cloudfront.net\/pentabase\/2022\/12\/dsc-5530-485x323.jpg 485w, https:\/\/d3i9l7sj72swdx.cloudfront.net\/pentabase\/2022\/12\/dsc-5530-587x391.jpg 587w, https:\/\/d3i9l7sj72swdx.cloudfront.net\/pentabase\/2022\/12\/dsc-5530-768x511.jpg 768w, https:\/\/d3i9l7sj72swdx.cloudfront.net\/pentabase\/2022\/12\/dsc-5530-794x528.jpg 794w, https:\/\/d3i9l7sj72swdx.cloudfront.net\/pentabase\/2022\/12\/dsc-5530-970x645.jpg 970w, https:\/\/d3i9l7sj72swdx.cloudfront.net\/pentabase\/2022\/12\/dsc-5530-1024x681.jpg 1024w' sizes='(max-width: 1024px) 100vw, 1024px' loading=\"lazy\" width=\"1024\" height=\"681\" src=\"https:\/\/d3i9l7sj72swdx.cloudfront.net\/pentabase\/2022\/12\/dsc-5530-1024x681.jpg\" alt=\"\" class=\"wp-image-2083\"\/><\/figure>\n\n\n\n<p><strong>Ako dlho sa venujete interi\u00e9rov\u00e9mu dizajnu?<\/strong>&nbsp;<\/p>\n\n\n\n<p>V tejto brand\u017ei sme u\u017e 6 rokov. Predt\u00fdm, ne\u017e sme sa osamostatnili, pracovali sme pre jeden v\u00e4\u010d\u0161\u00ed ateli\u00e9r, no posledn\u00fd rok p\u00f4sob\u00edme samostatne. Hlavn\u00fdm z\u00e1merom na\u0161ej pr\u00e1ce je vytv\u00e1ra\u0165 interi\u00e9ry, ktor\u00e9 s\u00fa v \u010do najv\u00e4\u010d\u0161ej miere osobn\u00e9. Neradi navrhujeme steriln\u00e9 priestory. Chceme, aby na\u0161e n\u00e1vrhy v\u017edy odzrkad\u013eovali charakter klienta. Samozrejme, je na\u0161\u00edm cie\u013eom najm\u00e4 to, aby bol interi\u00e9r funk\u010dn\u00fd.&nbsp;&nbsp;<\/p>\n\n\n\n<p>S\u202fka\u017ed\u00fdm nov\u00fdm klientom absolvujeme nieko\u013eko seden\u00ed, po\u010das ktor\u00fdch sa spolu rozpr\u00e1vame a\u202fsna\u017e\u00edme sa ho bli\u017e\u0161ie spozna\u0165, zisti\u0165 \u010do rob\u00ed. Tie\u017e sa sna\u017e\u00edme navn\u00edma\u0165, ako v\u202fdanom priestore funguje a ako ho on s\u00e1m vn\u00edma. Chceme sa t\u00fdm u\u017e na za\u010diatku vyhn\u00fa\u0165 v\u00e4\u010d\u0161\u00edm zmen\u00e1m v neskor\u0161om&nbsp;procese, aby sme napr\u00edklad&nbsp;nerobili obrovsk\u00fa kuchy\u0148u, ak nemaj\u00fa vz\u0165ah k vareniu.&nbsp;<\/p>\n\n\n\n<p><strong>Pre\u010do ste sa chceli osamostatni\u0165?<\/strong>&nbsp;<\/p>\n\n\n\n<p>Osamostatnili sme sa postupne a spolupracova\u0165 sme za\u010dali a\u017e nesk\u00f4r. Ani ideu o\u202fvlastnom ateli\u00e9ri sme nemali hne\u010f od za\u010diatku. V\u0161etko sa profilovalo postupne. Sme toho n\u00e1zoru, \u017ee \u010dlovek si najprv mus\u00ed prejs\u0165 r\u00f4znymi sk\u00fasenos\u0165ami a situ\u00e1ciami, aby zistil, \u010do ho vlastne bav\u00ed. <strong>My sme pri\u0161li na to, \u017ee chceme robi\u0165 interi\u00e9ry, ktor\u00e9 v sebe bud\u00fa ma\u0165 trochu \u010dlove\u010diny.<\/strong> Nechceme, aby na\u0161e projekty p\u00f4sobili ako ak\u00fdsi generick\u00fd interi\u00e9r, ktor\u00fd nie je \u0161it\u00fd na mieru.&nbsp;&nbsp;<\/p>\n\n\n\n<p>Architekt\u00fara by mala \u010dloveka nap\u013a\u0148a\u0165. Ke\u010f pracujete na projektoch, ktor\u00e9 v\u00e1s nebavia, alebo pracujete v prostred\u00ed, ktor\u00e9 v\u00e1m nesed\u00ed, tak sa to v kone\u010dnom d\u00f4sledku odr\u00e1\u017ea na kvalite. Aj toto bolo jedn\u00fdm z d\u00f4vodov, pre\u010do sme sa rozhodli osamostatni\u0165.&nbsp;&nbsp;<\/p>\n\n\n\n<figure class=\"wp-block-image size-large\"><img srcset='https:\/\/d3i9l7sj72swdx.cloudfront.net\/pentabase\/2022\/12\/dsc-5486-200x300.jpg 200w, https:\/\/d3i9l7sj72swdx.cloudfront.net\/pentabase\/2022\/12\/dsc-5486-485x729.jpg 485w, https:\/\/d3i9l7sj72swdx.cloudfront.net\/pentabase\/2022\/12\/dsc-5486-587x882.jpg 587w, https:\/\/d3i9l7sj72swdx.cloudfront.net\/pentabase\/2022\/12\/dsc-5486-681x1024.jpg 681w' sizes='(max-width: 681px) 100vw, 681px' loading=\"lazy\" width=\"681\" height=\"1024\" src=\"https:\/\/d3i9l7sj72swdx.cloudfront.net\/pentabase\/2022\/12\/dsc-5486-681x1024.jpg\" alt=\"\" class=\"wp-image-2082\"\/><\/figure>\n\n\n\n<p><strong>Medzi va\u0161imi projektami n\u00e1jdeme aj kancel\u00e1rie. Tie s\u00fa predsa len tro\u0161ku in\u00e9. Ako postupujete pri ich tvorbe?<\/strong>&nbsp;<\/p>\n\n\n\n<p>V podstate ten proces prebieha rovnako. Taktie\u017e m\u00e1me stretnutia, na ktor\u00fdch si prech\u00e1dzame, ako \u013eudia v\u202fdanom priestore funguj\u00fa, ak\u00e9 maj\u00fa zvyky, \u010do mali na p\u00f4vodnom priestore radi a\u202f\u010do o\u010dak\u00e1vaj\u00fa od toho nov\u00e9ho. Navrhovali sme napr\u00edklad kancel\u00e1rie pre slovensk\u00fd Refresher. Na za\u010diatku na\u0161ej spolupr\u00e1ce sme si museli ujasni\u0165, ak\u00fd je charakter firmy a ako v\u202fnej zamestnanci funguj\u00fa. Preberali sme aj rozli\u010dn\u00e9 po\u017eiadavky, \u010do sa t\u00fdka prev\u00e1dzky. Napr\u00edklad, ktor\u00e9 oddelenia by mali sedie\u0165 bl\u00edzko pri sebe a\u202fpodobn\u00e9 po\u017eiadavky. Na tomto konkr\u00e9tnom projekte bolo super to, \u017ee n\u00e1m nechali pri tvorbe dizajnu vo\u013en\u00fa ruku. Z\u00e1kladn\u00e9 veci sme si spolo\u010dne pre\u0161li a to ostatn\u00e9 u\u017e nechali na n\u00e1s.&nbsp;&nbsp;<\/p>\n\n\n\n<p>Kancel\u00e1ria Refreshera bola na\u0161\u00edm prv\u00fdm projektom, na ktorom sme pracovali. Ve\u013emi radi na\u0148 spom\u00edname. Ve\u013emi n\u00e1s te\u0161\u00ed, \u017ee n\u00e1s oslovili a d\u00f4verovali n\u00e1m.&nbsp;<\/p>\n\n\n\n<p><strong>Zvykn\u00fa si klienti vytv\u00e1ra\u0165 aj svoje vlastn\u00e9 n\u00e1vrhy?<\/strong>&nbsp;<\/p>\n\n\n\n<p>\u00c1no, no v\u00e4\u010d\u0161inou variant, ktor\u00fd navrhne klient, nie je \u00faplne ide\u00e1lny. V\u017edy ho v\u0161ak vieme nejak\u00fdm sp\u00f4sobom vylep\u0161i\u0165, ke\u010f\u017ee sa na to vieme pozrie\u0165 aj z\u202fin\u00fdch poh\u013eadov. Naj\u010dastej\u0161ie sa st\u00e1va, \u017ee chc\u00fa klienti v\u202fnovom priestore vytvori\u0165 nie\u010do toto\u017en\u00e9, \u010do mali v\u202fp\u00f4vodnom priestore, a\u202fto, bohu\u017eia\u013e, nie je v\u017edy realizovate\u013en\u00e9. <strong>V ide\u00e1lnom svete by n\u00e1m mali klienti vysvetli\u0165 svoju predstavu, my by sme ju mali&nbsp; zapracova\u0165, pon\u00faknu\u0165 alternat\u00edvne rie\u0161enia a potom je u\u017e na nich, pre ktor\u00fd variant sa rozhodn\u00fa.<\/strong> V\u017edy je ale dobr\u00e9 uk\u00e1za\u0165 im aj nie\u010do in\u00e9, nie\u010do ne\u010dakan\u00e9. Ve\u013eakr\u00e1t sa n\u00e1m stalo, \u017ee klienti povedali, \u017ee s\u00fa pr\u00e1ve t\u00fdmito alternat\u00edvami milo prekvapen\u00ed.&nbsp;<\/p>\n\n\n\n<p>Klient by n\u00e1m mal d\u00f4verova\u0165. Chceme, aby n\u00e1vrhy, ktor\u00e9 v\u010faka sk\u00fasenostiam tvor\u00edme prec\u00edzne a zodpovedne, boli t\u00fdmi najlep\u0161\u00edmi rie\u0161eniami pr\u00e1ve pre na\u0161ich klientov. Predsa len to m\u00e1me viac navn\u00edman\u00e9, na\u0161tudovan\u00e9 a napozorovan\u00e9 a venujeme tejto oblasti nieko\u013eko hod\u00edn denne.&nbsp;<\/p>\n\n\n\n<p><strong>Pracujete iba pre slovensk\u00fdch klientov?<\/strong>&nbsp;<\/p>\n\n\n\n<p>Moment\u00e1lne pracujeme aj pre \u010desk\u00fd Refresher, ktor\u00fd potrebuje vo svojej pobo\u010dke v \u010cech\u00e1ch navrhn\u00fa\u0165 redizajn priestorov. Je to tro\u0161ku men\u0161\u00ed projekt, ne\u017e ak\u00fdm bola slovensk\u00e1 pobo\u010dka. Na Slovensku sme ten priestor prisp\u00f4sobovali iba im, v Prahe to mus\u00edme vytvori\u0165 viac univerz\u00e1lne, vzh\u013eadom na to, \u017ee v tomto priestore bud\u00fa p\u00f4sobi\u0165 len p\u00e1r rokov.&nbsp;<\/p>\n\n\n\n<p>V\u202fPrahe m\u00e1me tie\u017e jeden reziden\u010dn\u00fd projekt v novostavbe. Na\u0161\u00edm mal\u00fdm snom je, \u017ee sa \u010dasom dopracujeme aj k staromestsk\u00fdm bytom, \u010do by bolo pre n\u00e1s obrovskou v\u00fdzvou.&nbsp;<\/p>\n\n\n\n<figure class=\"wp-block-image size-large\"><img srcset='https:\/\/d3i9l7sj72swdx.cloudfront.net\/pentabase\/2022\/12\/dsc-5503-300x200.jpg 300w, https:\/\/d3i9l7sj72swdx.cloudfront.net\/pentabase\/2022\/12\/dsc-5503-485x323.jpg 485w, https:\/\/d3i9l7sj72swdx.cloudfront.net\/pentabase\/2022\/12\/dsc-5503-587x391.jpg 587w, https:\/\/d3i9l7sj72swdx.cloudfront.net\/pentabase\/2022\/12\/dsc-5503-768x511.jpg 768w, https:\/\/d3i9l7sj72swdx.cloudfront.net\/pentabase\/2022\/12\/dsc-5503-794x528.jpg 794w, https:\/\/d3i9l7sj72swdx.cloudfront.net\/pentabase\/2022\/12\/dsc-5503-970x645.jpg 970w, https:\/\/d3i9l7sj72swdx.cloudfront.net\/pentabase\/2022\/12\/dsc-5503-1024x681.jpg 1024w' sizes='(max-width: 1024px) 100vw, 1024px' loading=\"lazy\" width=\"1024\" height=\"681\" src=\"https:\/\/d3i9l7sj72swdx.cloudfront.net\/pentabase\/2022\/12\/dsc-5503-1024x681.jpg\" alt=\"\" class=\"wp-image-2086\"\/><\/figure>\n\n\n\n<p><strong>Vo svojom portf\u00f3liu m\u00e1te r\u00f4zne druhy interi\u00e9rov, od reziden\u010dn\u00fdch po komer\u010dn\u00e9. Ktor\u00e9 s\u00fa va\u0161e ob\u013e\u00faben\u00e9?<\/strong>&nbsp;<\/p>\n\n\n\n<p>Tie, v ktor\u00fdch \u013eudia b\u00fdvaj\u00fa. \u010ci\u017ee niekedy aj kancel\u00e1rie, haha. Najviac n\u00e1m vyhovuje, ke\u010f sa druhy projektov striedaj\u00fa.&nbsp;<\/p>\n\n\n\n<p><strong>Poskytujete klientom u\u017e aj samotn\u00fa realiz\u00e1ciu va\u0161ich n\u00e1vrhov?<\/strong>&nbsp;<\/p>\n\n\n\n<p>Ka\u017ed\u00fd klient sa m\u00f4\u017ee rozhodn\u00fa\u0165, \u010di si chce realiz\u00e1ciu zastre\u0161i\u0165 s\u00e1m, alebo to prenech\u00e1 n\u00e1m. Pre n\u00e1s je v\u017edy lep\u0161ie, ak n\u00e1vrh zrealizujeme sami. V\u00e4\u010d\u0161inou, ke\u010f to klient prevezme do vlastn\u00fdch r\u00fak, tak skon\u010d\u00ed s\u202fin\u00fdm v\u00fdsledkom, ako bol na n\u00e1vrhu. Pokia\u013e to rob\u00edme my, tak m\u00e1me istotu, \u017ee sa realita bude zhodova\u0165 s\u202ft\u00fdm, \u010do bolo na papieri. M\u00e1me to rad\u0161ej aj kv\u00f4li tomu, \u017ee sa t\u00fdm potvrdzuje zmysel celej na\u0161ej \u0161t\u00fadie, projektu a\u202fpodobne. V\u202fkone\u010dnom d\u00f4sledku je to lep\u0161ie aj pre samotn\u00e9ho klienta, nemus\u00ed sa o\u202fni\u010d stara\u0165, len s\u202fnami absolvova\u0165 p\u00e1r stretnut\u00ed. \u0160tandardne tieto stretnutia prebiehaj\u00fa na za\u010diatku, ke\u010f mu uk\u00e1\u017eeme n\u00e1vrh, a potom na konci, ke\u010f si len donesie krabice. Ak by to mal klient zrealizova\u0165 v\u0161etko s\u00e1m, zabralo by mu to ve\u013ea \u010dasu, energie a prinieslo ve\u013ea stresu. K\u00fdm by pre\u0161iel cel\u00fdm procesom so stavb\u00e1rmi, obklada\u010dmi a v\u0161etk\u00fdm ostatn\u00fdm, tak by to u\u017e mohlo by\u0165 vyrie\u0161en\u00e9 nami. Taktie\u017e u\u017e m\u00e1me svoje kontakty a\u202fvieme, s\u202fk\u00fdm spolupracova\u0165. M\u00e1me svojich vlastn\u00fdch, overen\u00fdch dod\u00e1vate\u013eov, na ktor\u00fdch sa vieme spo\u013eahn\u00fa\u0165.&nbsp;<\/p>\n\n\n\n<p><strong>Vn\u00edmate posledn\u00fa dobu nejak\u00fd opakuj\u00faci sa trend v\u202foblasti interi\u00e9rov?<\/strong>&nbsp;<\/p>\n\n\n\n<p>V\u0161imli sme si mo\u017eno dva hlavn\u00e9 trendy. Prv\u00fd naz\u00fdvame podnikate\u013esk\u00e9 baroko, ktor\u00e9 tvoria napr\u00edklad zlat\u00e9 bat\u00e9rie, \u010dal\u00fanenia s\u202fpre\u0161\u00edvan\u00edm na gau\u010doch a podobne. Druh\u00fdm trendom s\u00fa \u0161kandin\u00e1vske interi\u00e9ry, siv\u00e9 farby, drevo. Av\u0161ak mus\u00edme poveda\u0165, \u017ee od na\u0161ich klientov dost\u00e1vame celkom rozmanit\u00e9 po\u017eiadavky.&nbsp;&nbsp;<\/p>\n\n\n\n<p><strong>\u010co ak si klient vyberie interi\u00e9r, ktor\u00fd \u00faplne nelad\u00ed v\u00e1\u0161mu vkusu?<\/strong>&nbsp;<\/p>\n\n\n\n<p>Ak m\u00e1me po\u017eiadavku pre n\u00e1vrh interi\u00e9ru, ktor\u00fd nie je \u00faplne pod\u013ea n\u00e1\u0161ho \u0161t\u00fdlu, berieme tvorbu interi\u00e9ru ako slu\u017ebu pre \u013eud\u00ed. Mus\u00edme sa zladi\u0165 s ich vkusom, no z\u00e1rove\u0148 sa sna\u017e\u00edme do ka\u017ed\u00e9ho n\u00e1vrhu vlo\u017ei\u0165 aj kus z n\u00e1s. V\u00fdsledok by mal by\u0165 v&nbsp;poriadku pre obe strany, nikdy neodovzd\u00e1vame n\u00e1vrh, ktor\u00fd by sa p\u00e1\u010dil len jednej.&nbsp;<\/p>\n\n\n\n<p><strong>Ako postupujete pri tvorbe interi\u00e9ru gastro prev\u00e1dzok?<\/strong>&nbsp;<\/p>\n\n\n\n<p>Zatia\u013e sme mali na tak\u00fdchto pr\u00e1cach v\u017edy vo\u013en\u00fa ruku. Klient n\u00e1m dodal moodboard, ktor\u00fd n\u00e1m pribl\u00ed\u017eil jeho predstavu o\u202ftom, ako by to mohlo vyzera\u0165, a\u202fzvy\u0161ok u\u017e nechal na n\u00e1s. Pri takomto type interi\u00e9ru hr\u00e1 rolu najm\u00e4 rozpo\u010det. Gastro prev\u00e1dzky toti\u017e \u010dasto vlo\u017eia majoritn\u00fa \u010das\u0165 rozpo\u010dtu do zariadenia a\u202fdizajn je pre ne a\u017e druhorad\u00fd. Robili sme aj jednu ve\u013emi mal\u00fa gastro prev\u00e1dzku, v ktorej to u\u017e nebolo ani tak o\u202fdizajne, ako o\u202fsamotnej funk\u010dnosti a\u202fo\u202ftom, aby sa tam v\u0161etko zmestilo.&nbsp;&nbsp;<\/p>\n\n\n\n<p><strong>Mali ste aj v\u202fpr\u00edpade bytov po\u017eiadavku na funk\u010dn\u00fd interi\u00e9r kv\u00f4li nedostatku miesta?<\/strong>&nbsp;<\/p>\n\n\n\n<p>Zatia\u013e sme asi a\u017e tak mal\u00fd interi\u00e9r nepripravovali. V\u202fpr\u00edpade mal\u00fdch bytov \u010dasto nast\u00e1va kol\u00edzia v\u202ftom, \u017ee je potrebn\u00e9 ich zariadi\u0165 kreat\u00edvne a\u017e atypicky, \u010do b\u00fdva drah\u0161ie ako klasick\u00e9 rie\u0161enie. To znamen\u00e1, \u017ee v\u202ftakomto malom byte by \u010dlovek na zariadenie interi\u00e9ru vynalo\u017eil viac financi\u00ed ako v\u202fklasickom dvojizbovom byte. Cena na meter \u0161tvorcov\u00fd je pri mal\u00fdch priestoroch v\u017edy vy\u0161\u0161ia.&nbsp;&nbsp;<\/p>\n\n\n\n<p>Ale mus\u00edme sa prizna\u0165, v\u017edy je to tak, \u017ee priestor, s ktor\u00fdm pracujeme, je pre n\u00e1\u0161 n\u00e1vrh trochu men\u0161\u00ed, ako by sme potrebovali :).&nbsp;&nbsp;<\/p>\n\n\n\n<figure class=\"wp-block-image size-large\"><img srcset='https:\/\/d3i9l7sj72swdx.cloudfront.net\/pentabase\/2022\/12\/dsc-5568-1-300x200.jpg 300w, https:\/\/d3i9l7sj72swdx.cloudfront.net\/pentabase\/2022\/12\/dsc-5568-1-485x323.jpg 485w, https:\/\/d3i9l7sj72swdx.cloudfront.net\/pentabase\/2022\/12\/dsc-5568-1-587x391.jpg 587w, https:\/\/d3i9l7sj72swdx.cloudfront.net\/pentabase\/2022\/12\/dsc-5568-1-768x511.jpg 768w, https:\/\/d3i9l7sj72swdx.cloudfront.net\/pentabase\/2022\/12\/dsc-5568-1-794x528.jpg 794w, https:\/\/d3i9l7sj72swdx.cloudfront.net\/pentabase\/2022\/12\/dsc-5568-1-970x645.jpg 970w, https:\/\/d3i9l7sj72swdx.cloudfront.net\/pentabase\/2022\/12\/dsc-5568-1-1024x681.jpg 1024w' sizes='(max-width: 1024px) 100vw, 1024px' loading=\"lazy\" width=\"1024\" height=\"681\" src=\"https:\/\/d3i9l7sj72swdx.cloudfront.net\/pentabase\/2022\/12\/dsc-5568-1-1024x681.jpg\" alt=\"\" class=\"wp-image-2085\"\/><\/figure>\n\n\n\n<p><strong>Pre\u010do ste si vybrali pre svoju pr\u00e1cu pr\u00e1ve BASE? P\u00f4sobili ste predt\u00fdm aj v inom coworku?<\/strong>&nbsp;<\/p>\n\n\n\n<p>Nikdy predt\u00fdm sme nesedeli v\u202fcoworku, no pobehali sme si ich dos\u0165. <strong>Ke\u010f sme pri\u0161li do BASE, bola to l\u00e1ska na prv\u00fd poh\u013ead.<\/strong> Nec\u00edtime tu ten klasick\u00fd kancel\u00e1rsky, korpor\u00e1tny charakter. Prostredie je tu ve\u013emi in\u0161pirat\u00edvne a\u202fvzh\u013eadom na na\u0161u profesiu n\u00e1s to ve\u013emi oslovilo. Je pre n\u00e1s d\u00f4le\u017eit\u00e9 pracova\u0165 v\u202fprostred\u00ed, ktor\u00e9 nie je preplnen\u00e9 r\u00f4znymi vecami a\u202ffarbami. Zariadenie je tu uroben\u00e9 s\u202fcitom a\u202fpriestor m\u00e1 svoju silu.&nbsp;<\/p>\n\n\n\n<p>Vyhovuje n\u00e1m aj samotn\u00e1 poz\u00edcia fix-deskov, pri ktor\u00fdch sed\u00edme. V\u202fostatn\u00fdch coworkoch b\u00fdvaj\u00fa v\u00e4\u010d\u0161inou umiestnen\u00e9 niekde pri v\u00fd\u0165ahoch, kde v\u0161etci pracuj\u00fa bl\u00edzko pri sebe na mal\u00fdch stoloch. Tu je to ve\u013emi ve\u013ekorys\u00e9. Pracujeme v\u202fotvorenom priestore a m\u00e1me pocit, \u017ee n\u00e1m to tu lep\u0161ie mysl\u00ed. Navy\u0161e sa n\u00e1m na n\u00e1\u0161 rozbeh fix-desky v BASE zdaj\u00fa ako najlep\u0161ia alternat\u00edva. Sme dvaja, \u010di\u017ee prenajatie nejak\u00e9ho vlastn\u00e9ho priestoru, ktor\u00fd by bol pravdepodobne v\u202fpodobe gars\u00f3nky, by nest\u00e1lo za t\u00fa cenu.&nbsp;<\/p>\n\n\n\n<p>V\u00fdhodou je, \u017ee ke\u010f m\u00e1me meeting s klientom, nemus\u00edme investova\u0165 do zariadenia reprezentat\u00edvneho priestoru. Aj to bolo jedn\u00fdm z\u202fhlavn\u00fdch d\u00f4vodov, pre\u010do sme sa rozhodli pre BASE \u2013 je to tu reprezentat\u00edvne. Klientom sa tu p\u00e1\u010di, ka\u017ed\u00fd sem r\u00e1d chod\u00ed aj pr\u00e1ve kv\u00f4li priestorom. V\u202fin\u00fdch coworkoch, ktor\u00e9 sme nav\u0161t\u00edvili, bola ve\u013emi r\u00fdchla atmosf\u00e9ra, bolo tam ve\u013ea \u013eud\u00ed a\u202fprevl\u00e1dal tam ru\u0161n\u00fd officov\u00fd \u017eivot, ktor\u00fd je pre n\u00e1s ne\u00fanosn\u00fd. <strong>Na\u0161a pr\u00e1ca si vy\u017eaduje v\u00e4\u010d\u0161\u00ed pokoj, no z\u00e1rove\u0148 je super, \u017ee tu pracujeme aj s\u202fin\u00fdmi \u013eu\u010fmi. Radi sa s ostatn\u00fdmi \u010dlenmi porozpr\u00e1vame, zist\u00edme na \u010dom pracuj\u00fa, no potom si sadneme a v k\u013eude \u010falej pracujeme.&nbsp;&nbsp;<\/strong><\/p>\n\n\n\n<p>Taktie\u017e sa tu vytv\u00e1ra ak\u00e1si komunita. Napr\u00edklad v\u202fstredy m\u00e1vame spolo\u010dn\u00e9 obedy. A t\u00fdm, \u017ee tu je viac \u013eud\u00ed, je to ve\u013emi priate\u013esk\u00e9 :).&nbsp;<\/p>\n","protected":false},"excerpt":{"rendered":"<p>Architektonick\u00fd ateli\u00e9r ZUHU tvor\u00ed dvojica mlad\u00fdch architektov \u2013 Zuzka a\u202fJakub, a patr\u00ed medzi prv\u00fdch n\u00e1jomcov fix-deskov v BASE. Vo svojej pr\u00e1ci sa venuj\u00fa najm\u00e4 interi\u00e9rov\u00e9mu dizajnu bytov, kancel\u00e1rskych priestorov, ale aj gastro prev\u00e1dzok. Na ka\u017edom projekte pracuj\u00fa spolo\u010dne, pri\u010dom dalo by sa poveda\u0165, \u017ee Zuzka v\u202fich dvojici predstavuje kreat\u00edvnu zlo\u017eku a\u202fJakub t\u00fa technick\u00fa.&nbsp;&nbsp; Ako dlho [&hellip;]<\/p>\n","protected":false},"author":13,"featured_media":2081,"comment_status":"open","ping_status":"open","sticky":false,"template":"","format":"standard","meta":[],"categories":[28,27,12,11,10,8,7,1],"tags":[],"_links":{"self":[{"href":"https:\/\/www.base4work.com\/sk\/wp-json\/wp\/v2\/posts\/2080"}],"collection":[{"href":"https:\/\/www.base4work.com\/sk\/wp-json\/wp\/v2\/posts"}],"about":[{"href":"https:\/\/www.base4work.com\/sk\/wp-json\/wp\/v2\/types\/post"}],"author":[{"embeddable":true,"href":"https:\/\/www.base4work.com\/sk\/wp-json\/wp\/v2\/users\/13"}],"replies":[{"embeddable":true,"href":"https:\/\/www.base4work.com\/sk\/wp-json\/wp\/v2\/comments?post=2080"}],"version-history":[{"count":3,"href":"https:\/\/www.base4work.com\/sk\/wp-json\/wp\/v2\/posts\/2080\/revisions"}],"predecessor-version":[{"id":2094,"href":"https:\/\/www.base4work.com\/sk\/wp-json\/wp\/v2\/posts\/2080\/revisions\/2094"}],"wp:featuredmedia":[{"embeddable":true,"href":"https:\/\/www.base4work.com\/sk\/wp-json\/wp\/v2\/media\/2081"}],"wp:attachment":[{"href":"https:\/\/www.base4work.com\/sk\/wp-json\/wp\/v2\/media?parent=2080"}],"wp:term":[{"taxonomy":"category","embeddable":true,"href":"https:\/\/www.base4work.com\/sk\/wp-json\/wp\/v2\/categories?post=2080"},{"taxonomy":"post_tag","embeddable":true,"href":"https:\/\/www.base4work.com\/sk\/wp-json\/wp\/v2\/tags?post=2080"}],"curies":[{"name":"wp","href":"https:\/\/api.w.org\/{rel}","templated":true}]}}