{"id":1410,"date":"2021-09-06T21:05:11","date_gmt":"2021-09-06T19:05:11","guid":{"rendered":"https:\/\/www.base4work.com\/?p=1410"},"modified":"2022-01-13T17:15:49","modified_gmt":"2022-01-13T16:15:49","slug":"otvarame-base-v-bratislave","status":"publish","type":"post","link":"https:\/\/www.base4work.com\/sk\/otvarame-base-v-bratislave\/","title":{"rendered":"Otv\u00e1rame \ud835\ude3d\ud835\ude3c\ud835\ude4e\ud835\ude40 v Bratislave"},"content":{"rendered":"\n<p>Otv\u00e1rame BASE v Jurkovi\u010dovej Tepl\u00e1rni! \ud83d\udc4f<\/p>\n\n\n\n<p>Po takmer \u0161tyroch rokoch rozsiahlej rekon\u0161trukcie Jurkovi\u010dovej Tepl\u00e1rne sme sa kone\u010dne do\u010dkali &#8211; otv\u00e1rame flexibiln\u00e9 kancel\u00e1rie BASE v Bratislave!<\/p>\n\n\n\n<p> <\/p>\n\n\n\n<figure class=\"wp-block-image size-large\"><img srcset='https:\/\/d3i9l7sj72swdx.cloudfront.net\/pentabase\/2021\/09\/1-1-300x169.jpg 300w, https:\/\/d3i9l7sj72swdx.cloudfront.net\/pentabase\/2021\/09\/1-1-485x273.jpg 485w, https:\/\/d3i9l7sj72swdx.cloudfront.net\/pentabase\/2021\/09\/1-1-587x330.jpg 587w, https:\/\/d3i9l7sj72swdx.cloudfront.net\/pentabase\/2021\/09\/1-1-768x432.jpg 768w, https:\/\/d3i9l7sj72swdx.cloudfront.net\/pentabase\/2021\/09\/1-1-794x447.jpg 794w, https:\/\/d3i9l7sj72swdx.cloudfront.net\/pentabase\/2021\/09\/1-1-970x546.jpg 970w, https:\/\/d3i9l7sj72swdx.cloudfront.net\/pentabase\/2021\/09\/1-1-1024x576.jpg 1024w' sizes='(max-width: 1024px) 100vw, 1024px' loading=\"lazy\" width=\"1024\" height=\"576\" src=\"https:\/\/d3i9l7sj72swdx.cloudfront.net\/pentabase\/2021\/09\/1-1-1024x576.jpg\" alt=\"\" class=\"wp-image-1408\"\/><\/figure>\n\n\n\n<p>Office priestory, flexibiln\u00e9 pracovn\u00e9 miesta, eventy \u010di k\u00e1va obklopen\u00e1 umen\u00edm. To v\u0161etko pon\u00faka BASE.<\/p>\n","protected":false},"excerpt":{"rendered":"<p>Otv\u00e1rame BASE v Jurkovi\u010dovej Tepl\u00e1rni! \ud83d\udc4f Po takmer \u0161tyroch rokoch rozsiahlej rekon\u0161trukcie Jurkovi\u010dovej Tepl\u00e1rne sme sa kone\u010dne do\u010dkali &#8211; otv\u00e1rame flexibiln\u00e9 kancel\u00e1rie BASE v Bratislave! Office priestory, flexibiln\u00e9 pracovn\u00e9 miesta, eventy \u010di k\u00e1va obklopen\u00e1 umen\u00edm. To v\u0161etko pon\u00faka BASE.<\/p>\n","protected":false},"author":8,"featured_media":1407,"comment_status":"open","ping_status":"open","sticky":false,"template":"","format":"standard","meta":[],"categories":[1],"tags":[],"_links":{"self":[{"href":"https:\/\/www.base4work.com\/sk\/wp-json\/wp\/v2\/posts\/1410"}],"collection":[{"href":"https:\/\/www.base4work.com\/sk\/wp-json\/wp\/v2\/posts"}],"about":[{"href":"https:\/\/www.base4work.com\/sk\/wp-json\/wp\/v2\/types\/post"}],"author":[{"embeddable":true,"href":"https:\/\/www.base4work.com\/sk\/wp-json\/wp\/v2\/users\/8"}],"replies":[{"embeddable":true,"href":"https:\/\/www.base4work.com\/sk\/wp-json\/wp\/v2\/comments?post=1410"}],"version-history":[{"count":2,"href":"https:\/\/www.base4work.com\/sk\/wp-json\/wp\/v2\/posts\/1410\/revisions"}],"predecessor-version":[{"id":1618,"href":"https:\/\/www.base4work.com\/sk\/wp-json\/wp\/v2\/posts\/1410\/revisions\/1618"}],"wp:featuredmedia":[{"embeddable":true,"href":"https:\/\/www.base4work.com\/sk\/wp-json\/wp\/v2\/media\/1407"}],"wp:attachment":[{"href":"https:\/\/www.base4work.com\/sk\/wp-json\/wp\/v2\/media?parent=1410"}],"wp:term":[{"taxonomy":"category","embeddable":true,"href":"https:\/\/www.base4work.com\/sk\/wp-json\/wp\/v2\/categories?post=1410"},{"taxonomy":"post_tag","embeddable":true,"href":"https:\/\/www.base4work.com\/sk\/wp-json\/wp\/v2\/tags?post=1410"}],"curies":[{"name":"wp","href":"https:\/\/api.w.org\/{rel}","templated":true}]}}